{"id":1,"date":"2020-10-14T14:34:18","date_gmt":"2020-10-14T14:34:18","guid":{"rendered":"https:\/\/natuerlich-jaeger.de\/WP\/?p=1"},"modified":"2020-11-10T11:43:37","modified_gmt":"2020-11-10T11:43:37","slug":"was-ist-gut-fuer-mich","status":"publish","type":"post","link":"https:\/\/natuerlich-jaeger.de\/?p=1","title":{"rendered":"WAS ist gut f\u00fcr MICH?"},"content":{"rendered":"\n<p>MONIKA JAEGER ist dreifache Mutter und seit \u00fcber 10 Jahren als Heilpraktikerin f\u00fcr klassische Hom\u00f6opathie t\u00e4tig. Ihre Hobbys sind Wandern, Musik und sie engagiert sich gerne ehrenamtlich in sozialen Bereichen. z.B. als Lektorin in der Kirche, Leiterin eines Kirchenchores oder in der gemeindlichen Kinder- und Jugendarbeit. Die eigenen F\u00e4higkeiten und Kompetenzen zu wecken sind ihre Herausforderung. <br><em>Im Folgenden ein kleiner Einblick &#8230;<\/em><\/p>\n\n\n\n<div style=\"height:25px\" aria-hidden=\"true\" class=\"wp-block-spacer\"><\/div>\n\n\n\n<div class=\"wp-block-columns is-layout-flex wp-container-core-columns-is-layout-9d6595d7 wp-block-columns-is-layout-flex\">\n<div class=\"wp-block-column is-layout-flow wp-block-column-is-layout-flow\">\n<div class=\"wp-block-image is-style-default\"><figure class=\"alignleft size-large\"><img loading=\"lazy\" decoding=\"async\" width=\"213\" height=\"201\" src=\"https:\/\/natuerlich-jaeger.de\/wp-content\/uploads\/2020\/10\/jaeger-monika_wasistgutfuermich_medizintherapie.jpg\" alt=\"Welche Medizin und Therapie ist gut f\u00fcr mich?\" class=\"wp-image-403\" srcset=\"https:\/\/natuerlich-jaeger.de\/wp-content\/uploads\/2020\/10\/jaeger-monika_wasistgutfuermich_medizintherapie.jpg 213w, https:\/\/natuerlich-jaeger.de\/wp-content\/uploads\/2020\/10\/jaeger-monika_wasistgutfuermich_medizintherapie-64x60.jpg 64w\" sizes=\"auto, (max-width: 213px) 100vw, 213px\" \/><\/figure><\/div>\n\n\n\n<p class=\"has-drop-cap\"><strong>Medizin &amp; Therapie &#8211; was ist gut f\u00fcr mich? <\/strong>In meiner Kindheit war ich nicht oft krank. Meine Oma meinte immer, an mir w\u00e4re ein Junge verloren gegangen &#8230; Ich war wohl sehr aktiv und unerschrocken. Wenn ich krank war, kamen <strong>oft Hausmittel zum Einsatz<\/strong>. Meist <strong>in Form von Tees oder Kr\u00e4uterausz\u00fcgen<\/strong>, die innerlich oder \u00e4u\u00dferlich verwendet wurden. Unser Hausarzt im Ort kannte und behandelte die ganze Familie und genoss unser Vertrauen. <\/p>\n\n\n\n<p>Medizinisch zu hinterfragen begann ich mit der ersten Schwangerschaft. Jetzt war ja auch wichtig zu wissen: <strong>Was tut diesem Leben &#8222;in mir&#8220; gut und vor allem ,was schadet ihm?<\/strong> Die Arzneiroutine in der Schwangerschaft und bei Kleinkindern ist enorm, sicher mitunter begr\u00fcndet, doch bestimmt nicht in diesem \u00dcberma\u00df. Damals war das f\u00fcr mich nur so ein Gef\u00fchl oder innere Abneigung gegen jede Medikamenteneinnahme. <strong>Heute weis ich besser, wo Sinn und Unsinn dieser Arzneigaben liegen.<\/strong><\/p>\n\n\n\n<p>Die erste Mittelohrentz\u00fcndung meines 6 Monate alten Sohnes wurde mit Antibiotika behandelt und kam zwei Wochen sp\u00e4ter wieder. <strong>Gl\u00fccklicherweise lernte ich die Heilkraft der Hom\u00f6opathie kennen und hier begann mein Weg zu dieser gro\u00dfen Heilkunde. <\/strong>Seither brauchte keines meiner drei Kinder Antibiotika oder Fiebersenker. Ich <strong>bevorzuge eine Medizin die nachhaltig wirkt und nicht abh\u00e4ngig macht<\/strong>. <br><br><strong><span class=\"has-inline-color has-luminous-vivid-orange-color\">Als Mutter ist es mir wichtig gewisse Gesundheitskompetenzen zu haben und als Therapeutin m\u00f6chte ich dieses Wissen gerne weitergeben.<\/span><\/strong><\/p>\n<\/div>\n\n\n\n<div class=\"wp-block-column is-layout-flow wp-block-column-is-layout-flow\">\n<div class=\"wp-block-group\"><div class=\"wp-block-group__inner-container is-layout-flow wp-block-group-is-layout-flow\">\n<div class=\"wp-block-image is-style-default\"><figure class=\"alignright size-large\"><img loading=\"lazy\" decoding=\"async\" width=\"213\" height=\"201\" src=\"https:\/\/natuerlich-jaeger.de\/wp-content\/uploads\/2020\/10\/jaeger-monika_wasistgutfuermich_essentrinken.jpg\" alt=\"Welches Essen und Trinken ist gut f\u00fcr mich?\" class=\"wp-image-401\" srcset=\"https:\/\/natuerlich-jaeger.de\/wp-content\/uploads\/2020\/10\/jaeger-monika_wasistgutfuermich_essentrinken.jpg 213w, https:\/\/natuerlich-jaeger.de\/wp-content\/uploads\/2020\/10\/jaeger-monika_wasistgutfuermich_essentrinken-64x60.jpg 64w\" sizes=\"auto, (max-width: 213px) 100vw, 213px\" \/><\/figure><\/div>\n\n\n\n<p class=\"has-drop-cap\"><strong>Welches Essen &amp; Trinken ist gut f\u00fcr mich? <\/strong>Ich bin auf einem kleinen Bauernhof in Oberbayern aufgewachsen. Mitten in der Natur und etwas abgelegen hatten wir ein paar K\u00fche, einige H\u00fchner, sp\u00e4ter Laufenten und einen gro\u00dfen Obst- und Gem\u00fcsegarten mit vielen Kr\u00e4utern. <strong>Damals war es ganz normal, dass nicht immer alle Lebensmittel verf\u00fcgbar waren.<\/strong> Heute \u00fcberfordert mich die riesige Auswahl in Superm\u00e4rkten.<\/p>\n\n\n\n<p><strong>Frische und Regionalit\u00e4t sind f\u00fcr mich die wichtigsten Kriterien<\/strong>, wenn es ums Essen geht. Die Milch, manchmal auch Fleisch, vom Bauern nebenan, die Eier und der Honig von der Nachbarin und &#8222;mein&#8220; Dorfladen. Der <strong>pers\u00f6nliche Kontakt mit dem Erzeuger oder Lieferanten<\/strong> der Lebensmittel gibt mir ein gutes Gef\u00fchl beim Einkauf.<\/p>\n\n\n\n<div style=\"height:21px\" aria-hidden=\"true\" class=\"wp-block-spacer\"><\/div>\n<\/div><\/div>\n\n\n\n<div class=\"wp-block-image is-style-default\"><figure class=\"alignright size-large\"><img loading=\"lazy\" decoding=\"async\" width=\"213\" height=\"201\" src=\"https:\/\/natuerlich-jaeger.de\/wp-content\/uploads\/2020\/10\/jaeger-monika_wasistgutfuermich_lebensfuehrung.jpg\" alt=\"Welche Lebensf\u00fchrung ist gut f\u00fcr mich?\" class=\"wp-image-402\" srcset=\"https:\/\/natuerlich-jaeger.de\/wp-content\/uploads\/2020\/10\/jaeger-monika_wasistgutfuermich_lebensfuehrung.jpg 213w, https:\/\/natuerlich-jaeger.de\/wp-content\/uploads\/2020\/10\/jaeger-monika_wasistgutfuermich_lebensfuehrung-64x60.jpg 64w\" sizes=\"auto, (max-width: 213px) 100vw, 213px\" \/><\/figure><\/div>\n\n\n\n<p><\/p>\n\n\n\n<p class=\"has-drop-cap\">Primum n<strong>on nocere  &#8211; zu aller erst nicht schaden &#8230;<\/strong><br><br>Ich habe mich schon immer sehr wohl in Gesellschaft gef\u00fchlt. Ich mag den Kontakt mit Menschen und kann gut zuh\u00f6ren. Eine Familie zu gr\u00fcnden war wichtig f\u00fcr mich und gleichzeitig ein freundschaftliches Netzwerk durch Nachbarn, Sportverein und Musik pflegen zu k\u00f6nnen. <\/p>\n\n\n\n<p><strong>&#8222;Nicht schaden&#8220; ist f\u00fcr mich das wichtigste Gebot.<\/strong> Dazu muss man sich umfassend informieren und alle Vor- und Nachteile kennen. <strong>Individuelle L\u00f6sungen sind hier Standard. <\/strong>Deshalb sollte sich jeder fragen: <strong><span class=\"has-inline-color has-luminous-vivid-orange-color\">Was ist gut f\u00fcr MICH?<\/span><\/strong><\/p>\n\n\n\n<p><\/p>\n<\/div>\n<\/div>\n\n\n\n<p><\/p>\n","protected":false},"excerpt":{"rendered":"<p>WAS ist gut f\u00fcr MICH? Bewusst handeln und frei entscheiden zu den 3 S\u00e4ulen &#8222;Essen &#038; Trinken&#8220;, &#8222;Medizin &#038; Therapie&#8220; und &#8222;Lebensf\u00fchrung&#8220;. Eine Aktion f\u00fcr die Vilefallt in unseren grundliegenden Bereichen.<\/p>\n","protected":false},"author":1,"featured_media":456,"comment_status":"closed","ping_status":"closed","sticky":false,"template":"","format":"standard","meta":{"footnotes":""},"categories":[21],"tags":[22,5,24,23,6,8],"class_list":["post-1","post","type-post","status-publish","format-standard","has-post-thumbnail","hentry","category-aktiv","tag-essen-trinken","tag-homoeopathie","tag-lebensfuehrung","tag-medizin-therapie","tag-naturheilverfahren","tag-natuerliche-kraft"],"_links":{"self":[{"href":"https:\/\/natuerlich-jaeger.de\/index.php?rest_route=\/wp\/v2\/posts\/1","targetHints":{"allow":["GET"]}}],"collection":[{"href":"https:\/\/natuerlich-jaeger.de\/index.php?rest_route=\/wp\/v2\/posts"}],"about":[{"href":"https:\/\/natuerlich-jaeger.de\/index.php?rest_route=\/wp\/v2\/types\/post"}],"author":[{"embeddable":true,"href":"https:\/\/natuerlich-jaeger.de\/index.php?rest_route=\/wp\/v2\/users\/1"}],"replies":[{"embeddable":true,"href":"https:\/\/natuerlich-jaeger.de\/index.php?rest_route=%2Fwp%2Fv2%2Fcomments&post=1"}],"version-history":[{"count":41,"href":"https:\/\/natuerlich-jaeger.de\/index.php?rest_route=\/wp\/v2\/posts\/1\/revisions"}],"predecessor-version":[{"id":460,"href":"https:\/\/natuerlich-jaeger.de\/index.php?rest_route=\/wp\/v2\/posts\/1\/revisions\/460"}],"wp:featuredmedia":[{"embeddable":true,"href":"https:\/\/natuerlich-jaeger.de\/index.php?rest_route=\/wp\/v2\/media\/456"}],"wp:attachment":[{"href":"https:\/\/natuerlich-jaeger.de\/index.php?rest_route=%2Fwp%2Fv2%2Fmedia&parent=1"}],"wp:term":[{"taxonomy":"category","embeddable":true,"href":"https:\/\/natuerlich-jaeger.de\/index.php?rest_route=%2Fwp%2Fv2%2Fcategories&post=1"},{"taxonomy":"post_tag","embeddable":true,"href":"https:\/\/natuerlich-jaeger.de\/index.php?rest_route=%2Fwp%2Fv2%2Ftags&post=1"}],"curies":[{"name":"wp","href":"https:\/\/api.w.org\/{rel}","templated":true}]}}